{"id":37960,"date":"2025-04-02T11:29:00","date_gmt":"2025-04-02T08:29:00","guid":{"rendered":"https:\/\/fernox.com\/tr\/?p=37960"},"modified":"2025-03-31T12:57:38","modified_gmt":"2025-03-31T09:57:38","slug":"appointment-charel-marais","status":"publish","type":"post","link":"https:\/\/fernox.com\/tr\/blog\/news-press\/appointment-charel-marais\/","title":{"rendered":"CHAREL MARAIS, FERNOX GLOBAL GENEL M\u00dcD\u00dcR\u00dc OLARAK ATANDI"},"content":{"rendered":"\n<p><strong>Charel Marais&#8217;in1 Nisan 2025&#8217;ten tarihinden itibaren ge\u00e7erli olmak \u00fczere Fernox \u2019un yeni Genel M\u00fcd\u00fcr\u00fc olarak atand\u0131\u011f\u0131n\u0131 duyurmaktan memnuniyet duyar\u0131z. Bu terfi, Ernie McDonald&#8217;\u0131n \u00f6nde gelen su \u015fartland\u0131r\u0131c\u0131lar\u0131 \u00fcreticisinden emekli olmas\u0131n\u0131n ard\u0131ndan ger\u00e7ekle\u015fmi\u015ftir.<\/strong><\/p>\n\n\n\n<p>Charel Marais Fernox b\u00fcnyesine 2021 y\u0131l\u0131nda kat\u0131lm\u0131\u015ft\u0131r. Son d\u00f6rt y\u0131l\u0131n\u0131 Avrupa ticari organizasyonunu ba\u015far\u0131yla y\u00f6neterek ve son zamanlarda k\u00fcresel tedarik zincirini y\u00f6neterek ge\u00e7irmi\u015ftir. HVAC end\u00fcstrisinde \u00fcst d\u00fczey g\u00f6revlerde 21 y\u0131l\u0131 a\u015fk\u0131n deneyime sahip olan Charel, pazarda sayg\u0131n ve \u00f6nde gelen bir isim olmakla beraber sekt\u00f6r hakk\u0131ndaki derin bilgisi ve m\u00fc\u015fterilerimiz hakk\u0131ndaki anlay\u0131\u015f\u0131, i\u015fletmelerin gelece\u011finin \u015fekillendirilmesinde \u00f6nemli bir rol oynamaya devam etmesini sa\u011flayacakt\u0131r.<\/p>\n\n\n\n<p>Charel Marais, &#8220;Bu rol\u00fc \u00fcstlenmekten onur ve mutluluk duyuyorum. Y\u00fcksek kaliteli su \u015fartland\u0131r\u0131c\u0131 kimyasallar\u0131 ve sistem filtreleri portf\u00f6y\u00fcm\u00fcz\u00fc geli\u015ftirmeye akabinde g\u00fc\u00e7lendirmeye devam etti\u011fimiz i\u00e7in Fernox heyecan verici bir firmad\u0131r. Yeni pazarlara a\u00e7\u0131lmaya ve mevcut merkezimizde zaten g\u00fc\u00e7l\u00fc olan kapasitemizi geli\u015ftirmeye odaklanarak bu harika i\u015fletmeye ve ekibine liderlik etmeyi d\u00f6rt g\u00f6zle bekliyorum.\u201d dedi.<\/p>\n\n\n\n<p>Charel Marais\u2019in Genel M\u00fcd\u00fcr olarak atanmas\u0131, Ernie McDonald&#8217;\u0131n Mart ay\u0131 sonunda emekli olmas\u0131n\u0131n ard\u0131ndan ger\u00e7ekle\u015fmi\u015ftir. Sekt\u00f6rde 26 y\u0131ll\u0131k deneyime sahip olan Ernie, arkas\u0131nda gururlu ve ba\u015far\u0131l\u0131 bir miras b\u0131rakmaktad\u0131r. Orijinal Benchmark program\u0131n\u0131n olu\u015fturulmas\u0131nda kilit bir rol oynam\u0131\u015f ve Evsel Su Ar\u0131tma Birli\u011fi&#8217;nin (\u015fimdiki ad\u0131yla BEAMA Water) ilk ba\u015fkan\u0131 olarak sekt\u00f6r \u00fczerinde kal\u0131c\u0131 bir etki b\u0131rakm\u0131\u015ft\u0131r.<\/p>\n\n\n\n<p>1999 y\u0131l\u0131nda Fernox b\u00fcnyesine kat\u0131ld\u0131\u011f\u0131ndan beri Ernie ; ge\u00e7en y\u0131l 60. y\u0131ld\u00f6n\u00fcm\u00fcn\u00fc kutlayan Fernox\u2019a, i\u015finde m\u00fckemmellik k\u00fclt\u00fcr\u00fcne katk\u0131da bulunmu\u015ftur. Ernie mevcut g\u00f6revinden emekli olacak olsa da Charel Marais ve ekibini k\u0131demli dan\u0131\u015fman olarak desteklemeye devam edecektir.<\/p>\n\n\n\n<p>Me\u015faleyi Charel&#8217;e devrederken Bay McDonald \u015funlar\u0131 s\u00f6yledi: &#8220;Charel&#8217;in liderli\u011finde, \u015firketin geli\u015fmeye ve inovasyona verdi\u011fimiz yo\u011fun \u00f6nemi s\u00fcrd\u00fcrmeye ve bir end\u00fcstri lideri olarak ba\u015far\u0131m\u0131z\u0131 s\u00fcrd\u00fcrmeye devam edece\u011fine kesinlikle inan\u0131yorum. Charel&#8217;i yeni rol\u00fc i\u00e7in tebrik ediyor ve Fernox&#8217;u bir sonraki seviyeye ta\u015f\u0131mada ona en iyilerini diliyorum.&#8221;<\/p>\n\n\n\n<p>1964 y\u0131l\u0131nda kurulan Fernox, su \u015fartland\u0131r\u0131c\u0131 kimyasal \u00fcr\u00fcnleri, merkezi \u0131s\u0131tma sistemi filtreleri, s\u0131hhi tesisat sarf malzemeleri ve te\u015fhis test hizmetlerinin lider \u00fcreticisidir. Evsel ve ticari uygulamalarda hem geleneksel hem de yenilenebilir teknoloji i\u00e7in enerji verimli \u00fcr\u00fcnlerin geli\u015ftirilmesine \u00f6nc\u00fcl\u00fck etmi\u015ftir. \u015eirket, y\u00fcksek teknoloji olan, \u00f6zel \u00fcr\u00fcnlerin k\u00fcresel \u00e7e\u015fitlendirilmi\u015f \u00fcreticisi ve teknik hizmet sa\u011flay\u0131c\u0131s\u0131 olan MacDermid Enthone Industrial Solutions&#8217;\u0131n bir yan kurulu\u015fu olarak faaliyet g\u00f6stermektedir ve Element Solutions Inc. \u015eirketinin bir ticari birimidir.<\/p>\n\n\n\n<p>Fernox hakk\u0131nda daha fazla bilgi edinmek i\u00e7in l\u00fctfen linkteki web sitemizi ziyaret ediniz. <a href=\"http:\/\/www.fernox.com\">www.fernox.com<\/a>&nbsp;<\/p>\n","protected":false},"excerpt":{"rendered":"<p>Charel Marais&#8217;in1 Nisan 2025&#8217;ten tarihinden itibaren ge\u00e7erli olmak \u00fczere Fernox \u2019un yeni Genel M\u00fcd\u00fcr\u00fc olarak atand\u0131\u011f\u0131n\u0131 duyurmaktan memnuniyet duyar\u0131z. Bu terfi, Ernie McDonald&#8217;\u0131n \u00f6nde gelen su \u015fartland\u0131r\u0131c\u0131lar\u0131 \u00fcreticisinden emekli olmas\u0131n\u0131n ard\u0131ndan ger\u00e7ekle\u015fmi\u015ftir. Charel Marais Fernox b\u00fcnyesine 2021 y\u0131l\u0131nda kat\u0131lm\u0131\u015ft\u0131r. Son d\u00f6rt y\u0131l\u0131n\u0131 Avrupa ticari organizasyonunu ba\u015far\u0131yla y\u00f6neterek ve son zamanlarda k\u00fcresel tedarik zincirini y\u00f6neterek ge\u00e7irmi\u015ftir. [&hellip;]<\/p>\n","protected":false},"author":55,"featured_media":37961,"comment_status":"closed","ping_status":"open","sticky":false,"template":"","format":"standard","meta":{"_acf_changed":false,"footnotes":""},"categories":[41],"tags":[],"class_list":["post-37960","post","type-post","status-publish","format-standard","has-post-thumbnail","hentry","category-news-press"],"acf":[],"_links":{"self":[{"href":"https:\/\/fernox.com\/tr\/wp-json\/wp\/v2\/posts\/37960","targetHints":{"allow":["GET"]}}],"collection":[{"href":"https:\/\/fernox.com\/tr\/wp-json\/wp\/v2\/posts"}],"about":[{"href":"https:\/\/fernox.com\/tr\/wp-json\/wp\/v2\/types\/post"}],"author":[{"embeddable":true,"href":"https:\/\/fernox.com\/tr\/wp-json\/wp\/v2\/users\/55"}],"replies":[{"embeddable":true,"href":"https:\/\/fernox.com\/tr\/wp-json\/wp\/v2\/comments?post=37960"}],"version-history":[{"count":0,"href":"https:\/\/fernox.com\/tr\/wp-json\/wp\/v2\/posts\/37960\/revisions"}],"wp:featuredmedia":[{"embeddable":true,"href":"https:\/\/fernox.com\/tr\/wp-json\/wp\/v2\/media\/37961"}],"wp:attachment":[{"href":"https:\/\/fernox.com\/tr\/wp-json\/wp\/v2\/media?parent=37960"}],"wp:term":[{"taxonomy":"category","embeddable":true,"href":"https:\/\/fernox.com\/tr\/wp-json\/wp\/v2\/categories?post=37960"},{"taxonomy":"post_tag","embeddable":true,"href":"https:\/\/fernox.com\/tr\/wp-json\/wp\/v2\/tags?post=37960"}],"curies":[{"name":"wp","href":"https:\/\/api.w.org\/{rel}","templated":true}]}}