{"id":43142,"date":"2025-04-02T10:29:00","date_gmt":"2025-04-02T08:29:00","guid":{"rendered":"https:\/\/fernox.com\/es\/?p=43142"},"modified":"2025-03-31T11:46:16","modified_gmt":"2025-03-31T09:46:16","slug":"appointment-charel-marais","status":"publish","type":"post","link":"https:\/\/fernox.com\/es\/blog\/news-press\/appointment-charel-marais\/","title":{"rendered":"FERNOX NOMBRA A CHAREL MARAIS DIRECTOR GENERAL"},"content":{"rendered":"\n<p><strong>Fernox se complace en anunciar el nombramiento de Charel Marais como Director General a partir del 1 de abril de 2025. Este nombramiento se produce tras la jubilaci\u00f3n de Ernie McDonald en la empresa l\u00edder en el tratamiento de agua.<\/strong>&nbsp;<\/p>\n\n\n\n<p>Charel Marais se incorpor\u00f3 a Fernox en 2021 y, durante los \u00faltimos cuatro a\u00f1os, ha dirigido con \u00e9xito la organizaci\u00f3n comercial europea y, m\u00e1s recientemente, ha supervisado la cadena de suministro global. Con m\u00e1s de 21 a\u00f1os de experiencia en puestos de responsabilidad dentro del sector de la climatizaci\u00f3n, Charel es una figura respetada y destacada en el mercado. Su profundo conocimiento del sector y su trato con los clientes le permitir\u00e1n seguir desempe\u00f1ando un papel fundamental en el futuro de la empresa.&nbsp;<\/p>\n\n\n\n<p>Marais afirma: \u201cMe siento muy honrado y encantado de asumir este cargo. Es un momento apasionante para Fernox, ya que seguimos mejorando y reforzando nuestra cartera de productos qu\u00edmicos de alta calidad para el tratamiento del agua y los filtros magn\u00e9ticos para las instalaciones. Tengo muchas ganas de dirigir esta gran empresa y su excelente equipo con el objetivo de expandirnos a nuevos mercados y aprovechar nuestras s\u00f3lidas capacidades en nuestro negocio principal\u201d&nbsp;<\/p>\n\n\n\n<p>El nombramiento de Charel como Director General se produce tras la jubilaci\u00f3n de Ernie McDonald a finales de marzo. Con 26 a\u00f1os de experiencia en el sector, Ernie deja un legado de orgullo y \u00e9xito. Desempe\u00f1\u00f3 un papel clave en el establecimiento del sistema Benchmark original y fue el primer presidente de la Asociaci\u00f3n de Tratamiento de Aguas Dom\u00e9sticas (ahora BEAMA Water), dejando una huella significativa en el sector.&nbsp;<\/p>\n\n\n\n<p>Desde su incorporaci\u00f3n a Fernox en 1999, Ernie ha contribuido a la cultura de excelencia de la empresa, que el a\u00f1o pasado celebr\u00f3 su 60.\u00ba aniversario. Aunque se retirar\u00e1 de su cargo actual, continuar\u00e1 apoyando a Charel y al equipo como asesor principal.&nbsp;<\/p>\n\n\n\n<p>Al pasar el testigo a Charel, el Sr. McDonald afirm\u00f3: \u00abBajo el liderazgo de Charel, creo firmemente que la empresa seguir\u00e1 prosperando y mantendr\u00e1 el fuerte enfoque que ponemos en la innovaci\u00f3n y en la continuidad de nuestro \u00e9xito como l\u00edder del sector. Me gustar\u00eda felicitar a Charel por su nuevo cargo y desearle lo mejor para llevar a Fernox al siguiente nivel\u00bb.&nbsp;<\/p>\n\n\n\n<p>Fundada en 1964, Fernox es uno de los principales fabricantes de productos qu\u00edmicos para el tratamiento del agua, filtros para sistemas de calefacci\u00f3n central, productos de fontaner\u00eda y servicios de pruebas de diagn\u00f3stico. Ha sido pionera en el desarrollo de soluciones energ\u00e9ticamente eficientes para tecnolog\u00edas tradicionales y renovables en aplicaciones dom\u00e9sticas y comerciales. La empresa es una filial de MacDermid Enthone Industrial Solutions, un fabricante diversificado de productos especializados de alta tecnolog\u00eda y proveedor de servicios t\u00e9cnicos, y forma parte de Element Solutions Inc.&nbsp;<\/p>\n\n\n\n<p>Para m\u00e1s informaci\u00f3n sobre Fernox, visite <a href=\"http:\/\/www.fernox.com\/\" target=\"_blank\" rel=\"noreferrer noopener\">www.fernox.com<\/a>&nbsp;&nbsp;&nbsp;<\/p>\n","protected":false},"excerpt":{"rendered":"<p>Fernox se complace en anunciar el nombramiento de Charel Marais como Director General a partir del 1 de abril de 2025. Este nombramiento se produce tras la jubilaci\u00f3n de Ernie McDonald en la empresa l\u00edder en el tratamiento de agua.&nbsp; Charel Marais se incorpor\u00f3 a Fernox en 2021 y, durante los \u00faltimos cuatro a\u00f1os, ha [&hellip;]<\/p>\n","protected":false},"author":55,"featured_media":43146,"comment_status":"closed","ping_status":"open","sticky":false,"template":"","format":"standard","meta":{"_acf_changed":false,"footnotes":""},"categories":[41],"tags":[],"class_list":["post-43142","post","type-post","status-publish","format-standard","has-post-thumbnail","hentry","category-news-press"],"acf":[],"_links":{"self":[{"href":"https:\/\/fernox.com\/es\/wp-json\/wp\/v2\/posts\/43142","targetHints":{"allow":["GET"]}}],"collection":[{"href":"https:\/\/fernox.com\/es\/wp-json\/wp\/v2\/posts"}],"about":[{"href":"https:\/\/fernox.com\/es\/wp-json\/wp\/v2\/types\/post"}],"author":[{"embeddable":true,"href":"https:\/\/fernox.com\/es\/wp-json\/wp\/v2\/users\/55"}],"replies":[{"embeddable":true,"href":"https:\/\/fernox.com\/es\/wp-json\/wp\/v2\/comments?post=43142"}],"version-history":[{"count":0,"href":"https:\/\/fernox.com\/es\/wp-json\/wp\/v2\/posts\/43142\/revisions"}],"wp:featuredmedia":[{"embeddable":true,"href":"https:\/\/fernox.com\/es\/wp-json\/wp\/v2\/media\/43146"}],"wp:attachment":[{"href":"https:\/\/fernox.com\/es\/wp-json\/wp\/v2\/media?parent=43142"}],"wp:term":[{"taxonomy":"category","embeddable":true,"href":"https:\/\/fernox.com\/es\/wp-json\/wp\/v2\/categories?post=43142"},{"taxonomy":"post_tag","embeddable":true,"href":"https:\/\/fernox.com\/es\/wp-json\/wp\/v2\/tags?post=43142"}],"curies":[{"name":"wp","href":"https:\/\/api.w.org\/{rel}","templated":true}]}}